{"id":584661,"date":"2025-04-03T17:38:27","date_gmt":"2025-04-03T15:38:27","guid":{"rendered":"https:\/\/www.les-faunes.ch\/?p=584661"},"modified":"2025-04-03T18:35:21","modified_gmt":"2025-04-03T16:35:21","slug":"der-frost-kehrt-zuruck","status":"publish","type":"post","link":"https:\/\/www.les-faunes.ch\/de\/der-frost-kehrt-zuruck\/","title":{"rendered":"Interview Radio &#8211; OneFM"},"content":{"rendered":"<p>[et_pb_section fb_built=&#8220;1&#8243; admin_label=&#8220;section&#8220; _builder_version=&#8220;4.16&#8243; custom_padding=&#8220;7px|||||&#8220; global_colors_info=&#8220;{}&#8220;][et_pb_row admin_label=&#8220;Zeile&#8220; _builder_version=&#8220;4.27.4&#8243; background_size=&#8220;initial&#8220; background_position=&#8220;top_left&#8220; background_repeat=&#8220;repeat&#8220; width_tablet=&#8220;90%&#8220; width_phone=&#8220;96%&#8220; width_last_edited=&#8220;on|phone&#8220; custom_padding=&#8220;8px|||||&#8220; global_colors_info=&#8220;{}&#8220;][et_pb_column type=&#8220;4_4&#8243; _builder_version=&#8220;4.16&#8243; custom_padding=&#8220;|||&#8220; global_colors_info=&#8220;{}&#8220; custom_padding__hover=&#8220;|||&#8220;][et_pb_text _builder_version=&#8220;4.27.4&#8243; _module_preset=&#8220;default&#8220; global_colors_info=&#8220;{}&#8220;]<\/p>\n<p>Unser Interview vom 28. M\u00e4rz in der Sendung &#8222;Les Ambassadeurs du terroir&#8220; auf oneFM finden Sie unter dem Link.<\/p>\n<p>Dies ist eine Gelegenheit, einen unserer langj\u00e4hrigen Kunden vorzustellen: das <strong>Bistrot Dumas<\/strong>.<\/p>\n<p>[\/et_pb_text][et_pb_gallery gallery_ids=&#8220;584676,584685,584696,584699&#8243; show_title_and_caption=&#8220;off&#8220; _builder_version=&#8220;4.27.4&#8243; _module_preset=&#8220;default&#8220; hover_enabled=&#8220;0&#8243; global_colors_info=&#8220;{}&#8220; sticky_enabled=&#8220;0&#8243;][\/et_pb_gallery][et_pb_text _builder_version=&#8220;4.27.4&#8243; _module_preset=&#8220;default&#8220; global_colors_info=&#8220;{}&#8220;]<\/p>\n<p>Die gesamte Sendung kann als Podcast \u00fcber die unten stehende Schaltfl\u00e4che abgerufen werden:<\/p>\n<p>[\/et_pb_text][et_pb_button button_url=&#8220;https:\/\/www.onefm.ch\/emissions\/09h-13h\/ambassadeurs-geneve-terroir\/les-ambassadeurs-du-terroir-le-bistrot-dumas\/&#8220; button_text=&#8220;Podcast anh\u00f6ren&#8220; button_alignment=&#8220;center&#8220; _builder_version=&#8220;4.27.4&#8243; _module_preset=&#8220;default&#8220; global_colors_info=&#8220;{}&#8220;][\/et_pb_button][et_pb_text _builder_version=&#8220;4.27.4&#8243; _module_preset=&#8220;default&#8220; global_colors_info=&#8220;{}&#8220;]<\/p>\n<p>Treffen Sie sich in Champel, um die K\u00f6stlichkeiten von Mouss zu probieren:<\/p>\n<p><a href=\"https:\/\/www.lebistrotdumas.ch\/\">https:\/\/www.lebistrotdumas.ch\/<\/a><\/p>\n<p>[\/et_pb_text][\/et_pb_column][\/et_pb_row][\/et_pb_section]<\/p>\n","protected":false},"excerpt":{"rendered":"<p>Unser Interview vom 28. M\u00e4rz in der Sendung &#8222;Les Ambassadeurs du terroir&#8220; auf oneFM finden Sie unter dem Link. Dies ist eine Gelegenheit, einen unserer langj\u00e4hrigen Kunden vorzustellen: das Bistrot Dumas.Die gesamte Sendung kann als Podcast \u00fcber die unten stehende Schaltfl\u00e4che abgerufen werden:Treffen Sie sich in Champel, um die K\u00f6stlichkeiten von Mouss zu probieren: https:\/\/www.lebistrotdumas.ch\/<\/p>\n","protected":false},"author":1,"featured_media":584676,"comment_status":"closed","ping_status":"open","sticky":false,"template":"","format":"standard","meta":{"_et_pb_use_builder":"on","_et_pb_old_content":"","_et_gb_content_width":"","footnotes":""},"categories":[591,550],"tags":[],"class_list":["post-584661","post","type-post","status-publish","format-standard","has-post-thumbnail","hentry","category-gastronomie-de","category-weinberge-im-alltag"],"aioseo_notices":[],"_links":{"self":[{"href":"https:\/\/www.les-faunes.ch\/de\/wp-json\/wp\/v2\/posts\/584661","targetHints":{"allow":["GET"]}}],"collection":[{"href":"https:\/\/www.les-faunes.ch\/de\/wp-json\/wp\/v2\/posts"}],"about":[{"href":"https:\/\/www.les-faunes.ch\/de\/wp-json\/wp\/v2\/types\/post"}],"author":[{"embeddable":true,"href":"https:\/\/www.les-faunes.ch\/de\/wp-json\/wp\/v2\/users\/1"}],"replies":[{"embeddable":true,"href":"https:\/\/www.les-faunes.ch\/de\/wp-json\/wp\/v2\/comments?post=584661"}],"version-history":[{"count":0,"href":"https:\/\/www.les-faunes.ch\/de\/wp-json\/wp\/v2\/posts\/584661\/revisions"}],"wp:featuredmedia":[{"embeddable":true,"href":"https:\/\/www.les-faunes.ch\/de\/wp-json\/wp\/v2\/media\/584676"}],"wp:attachment":[{"href":"https:\/\/www.les-faunes.ch\/de\/wp-json\/wp\/v2\/media?parent=584661"}],"wp:term":[{"taxonomy":"category","embeddable":true,"href":"https:\/\/www.les-faunes.ch\/de\/wp-json\/wp\/v2\/categories?post=584661"},{"taxonomy":"post_tag","embeddable":true,"href":"https:\/\/www.les-faunes.ch\/de\/wp-json\/wp\/v2\/tags?post=584661"}],"curies":[{"name":"wp","href":"https:\/\/api.w.org\/{rel}","templated":true}]}}